{"id":175,"date":"2021-12-09T02:59:25","date_gmt":"2021-12-09T01:59:25","guid":{"rendered":"https:\/\/nauciti.online\/nemacki\/?p=175"},"modified":"2022-05-16T03:13:20","modified_gmt":"2022-05-16T01:13:20","slug":"povrce-na-nemackom-jeziku-vide","status":"publish","type":"post","link":"https:\/\/nauciti.online\/nemacki\/povrce-na-nemackom-jeziku-vide\/","title":{"rendered":"Nema\u010dki jezik : povr\u0107e na nema\u010dkom jeziku (video)"},"content":{"rendered":"\n<figure class=\"wp-block-embed aligncenter is-type-video is-provider-youtube wp-block-embed-youtube wp-embed-aspect-4-3 wp-has-aspect-ratio\"><div class=\"wp-block-embed__wrapper\">\n<iframe loading=\"lazy\" title=\"Nema\u010dki jezik 14 : povr\u0107e na nema\u010dkom- Nemacki.Online\" width=\"800\" height=\"600\" src=\"https:\/\/www.youtube.com\/embed\/nJ6ZrCG5VV4?feature=oembed\" frameborder=\"0\" allow=\"accelerometer; autoplay; clipboard-write; encrypted-media; gyroscope; picture-in-picture\" allowfullscreen><\/iframe>\n<\/div><\/figure>\n\n\n<h3><span class=\"s1\" style=\"color: #ff9900;\"><a style=\"color: #ff9900;\" href=\"http:\/\/www.jezici.online\/prezentacijanjemackiza5minuta\"><b>Klikni ovde i u\u010dlani se na kompletan kurs nema\u010dkog<\/b><\/a><\/span><\/h3>\n<h1>Nau\u010diti nema\u010dki : povr\u0107e na nema\u010dkom jeziku<\/h1>\n<p>U pro\u0161loj lekciji ste nau\u010dili <a href=\"https:\/\/nauciti.online\/nemacki\/voce-i-glagol-jesti-na-nemackom\/\">vo\u0107e i glagol jesti na nema\u010dkom<\/a><a href=\"http:\/\/nauciti.online\/nemacki\/boje-na-nemackom\/\">,<\/a> u ovoj novoj lekciji \u0107ete nau\u010diti povr\u0107e na nema\u010dkom jeziku.<\/p>\n<p>Za pravilan izgovor re\u010di i re\u010denica pusti video snimak na po\u010detku \u010dlanka.<\/p>\n<h2>Nema\u010dki jezik : povr\u0107e na nema\u010dkom jeziku<\/h2>\n<div>\n<div>\n<p><strong>Gem\u00fcse auf Deutsch<\/strong><br><em>(Gemuze auf Doj\u010d)<\/em><br>Povr\u0107e na nema\u010dkom<\/p>\n<hr>\n<p><strong>der Kohl<\/strong><br><em>(der Kol)<\/em><br>kupus<\/p>\n<hr>\n<p><strong>das Brokkoli<\/strong><br><em>(das Brokoli)<\/em><br>brokoli<\/p>\n<hr>\n<p><strong>die Karotte<\/strong><br><em>(di Karote)<\/em><br>\u0160argarepa<\/p>\n<hr>\n<p><strong>der Paprika<\/strong><br><em>(der Paprika)<\/em><br>paprika\/papri\u010dica<\/p>\n<hr>\n<p><strong>der Blumenkohl<\/strong><br><em>(der Blumenkol)<\/em><br>karfiol<\/p>\n<hr>\n<p><strong>die Wassermelone<\/strong><br><em>(di Vasermelone)<\/em><br>lubenica<\/p>\n<hr>\n<p><strong>die Kartoffel<\/strong><br><em>(di Katrofel)<\/em><br>krompir<\/p>\n<hr>\n<p><strong>der Spargel<\/strong><br><em>(der \u0160pargel)<\/em><br>\u0160pargla<\/p>\n<hr>\n<p><strong>die Bohnen<\/strong><br><em>(di Bonen)<\/em><br>pasulj<\/p>\n<hr>\n<p><strong>die Gurke<\/strong><br><em>(di Gurke)<\/em><br>krastavac<\/p>\n<hr>\n<p><strong>Saure Gurken<\/strong><br><em>(Zaure Gurken)<\/em><br>kiseli krastav\u010di\u0107i<\/p>\n<hr>\n<p><strong>die Erbse<\/strong><br><em>(di Erbze)<\/em><br>gra\u0161ak<\/p>\n<hr>\n<p><strong>die Zwiebel<\/strong><br><em>(di Cvibel)<\/em><br>crni luk<\/p>\n<hr>\n<p><strong>der Knoblauch<\/strong><br><em>(der Konblauh)<\/em><br>beli luk<\/p>\n<hr>\n<p><strong>der Lauch<\/strong><br><em>(der Lauh)<\/em><br>praziluk<\/p>\n<hr>\n<p><strong>die Petersilie<\/strong><br><em>(di Peterzilije)<\/em><br>per\u0161un<\/p>\n<hr>\n<p><strong>der Sellerie<\/strong><br><em>(der Zelerije)<\/em><br>celer<\/p>\n<hr>\n<p><strong>die rote Beete<\/strong><br><em>(di rote Bete)<\/em><br>cvekla<\/p>\n<hr>\n<p><strong>der Spinat<\/strong><br><em>(der \u0160pinat)<\/em><br>spana\u0107<\/p>\n<hr>\n<p><strong>die Aubergine<\/strong><br><em>(di Aubergine)<\/em><br>plavi patlid\u017ean<\/p>\n<hr>\n<p><strong>Ich esse Knoblauch<\/strong><br><em>(Ih ese Knoblauh)<\/em><br>Ja jedem beli luk<\/p>\n<hr>\n<p><strong>Sie isst Karotten<\/strong><br><em>(Zi ist Karoten)<\/em><br>Ona jede \u0161argarepe<\/p>\n<hr>\n<p><strong>Sie essen Gurken<\/strong><br><em>(Zi esen Gurken)<\/em><br>Oni jedu krastavce<\/p>\n<hr>\n<p><strong>Isst du gerne Zwiebel?<\/strong><br><em>(Ist du gerne Cvibel ?)<\/em><br>Da li jede\u0161 crni luk?<\/p>\n<hr>\n<p><strong>Ich esse Kartoffel<\/strong><br><em>(Ih ese Kartofel)<\/em><br>Ja jedem krompir<\/p>\n<hr>\n<p><span style=\"font-size: inherit;\">Sad zna\u0161 povr\u0107e na nema\u010dkom jeziku !<\/span><\/p>\n<\/div>\n<\/div>\n<p class=\"p1\">Dopala ti se ova lekcija ?&nbsp;<strong>Podeli, i ostavi komentar !<\/strong><\/p>\n<h3><span class=\"s1\" style=\"color: #ff9900;\"><a style=\"color: #ff9900;\" href=\"http:\/\/www.jezici.online\/prezentacijanjemackiza5minuta\"><b>Klikni ovde i u\u010dlani se na kompletan kurs nema\u010dkog<\/b><\/a><\/span><\/h3>\n<h2><a href=\"http:\/\/www.Nemacki.Online\">Nemacki.Online<\/a> najbolja stranica za u\u010denje nema\u010dkog jezika online. Kursevi za po\u010detnike i za napredne.<\/h2>","protected":false},"excerpt":{"rendered":"<p>Klikni ovde i u\u010dlani se na kompletan kurs nema\u010dkog Nau\u010diti nema\u010dki : povr\u0107e na nema\u010dkom jeziku U pro\u0161loj lekciji ste nau\u010dili vo\u0107e i glagol jesti na nema\u010dkom, u ovoj novoj lekciji \u0107ete nau\u010diti povr\u0107e na nema\u010dkom jeziku. Za pravilan izgovor re\u010di i re\u010denica pusti video snimak na po\u010detku \u010dlanka. Nema\u010dki jezik : povr\u0107e na nema\u010dkom [&hellip;]<\/p>\n","protected":false},"author":1,"featured_media":179,"comment_status":"closed","ping_status":"closed","sticky":false,"template":"","format":"standard","meta":[],"categories":[1],"tags":[],"_links":{"self":[{"href":"https:\/\/nauciti.online\/nemacki\/wp-json\/wp\/v2\/posts\/175"}],"collection":[{"href":"https:\/\/nauciti.online\/nemacki\/wp-json\/wp\/v2\/posts"}],"about":[{"href":"https:\/\/nauciti.online\/nemacki\/wp-json\/wp\/v2\/types\/post"}],"author":[{"embeddable":true,"href":"https:\/\/nauciti.online\/nemacki\/wp-json\/wp\/v2\/users\/1"}],"replies":[{"embeddable":true,"href":"https:\/\/nauciti.online\/nemacki\/wp-json\/wp\/v2\/comments?post=175"}],"version-history":[{"count":6,"href":"https:\/\/nauciti.online\/nemacki\/wp-json\/wp\/v2\/posts\/175\/revisions"}],"predecessor-version":[{"id":246,"href":"https:\/\/nauciti.online\/nemacki\/wp-json\/wp\/v2\/posts\/175\/revisions\/246"}],"wp:featuredmedia":[{"embeddable":true,"href":"https:\/\/nauciti.online\/nemacki\/wp-json\/wp\/v2\/media\/179"}],"wp:attachment":[{"href":"https:\/\/nauciti.online\/nemacki\/wp-json\/wp\/v2\/media?parent=175"}],"wp:term":[{"taxonomy":"category","embeddable":true,"href":"https:\/\/nauciti.online\/nemacki\/wp-json\/wp\/v2\/categories?post=175"},{"taxonomy":"post_tag","embeddable":true,"href":"https:\/\/nauciti.online\/nemacki\/wp-json\/wp\/v2\/tags?post=175"}],"curies":[{"name":"wp","href":"https:\/\/api.w.org\/{rel}","templated":true}]}}